{"id":180,"date":"2013-12-07T17:24:14","date_gmt":"2013-12-07T16:24:14","guid":{"rendered":"http:\/\/ocean-center-blog.clarityproject.de\/?p=180"},"modified":"2021-06-12T17:12:07","modified_gmt":"2021-06-12T16:12:07","slug":"meerfit-seminare-fur-frauen-die-kraft-und-lebensfreude-suchen","status":"publish","type":"post","link":"https:\/\/ocean-center.com\/?p=180","title":{"rendered":"MeerFit-Seminare f\u00fcr Menschen, die Kraft und Lebensfreude suchen"},"content":{"rendered":"<p>MEERFIT- BEWEGENDE SEMINARE AUF SYLT<a href=\"http:\/\/ocean-center-blog.clarityproject.de\/wp-content\/uploads\/2013\/12\/Meerfraulogo.jpg\"><img decoding=\"async\" loading=\"lazy\" class=\"alignright size-full wp-image-181\" src=\"http:\/\/ocean-center-blog.clarityproject.de\/wp-content\/uploads\/2013\/12\/Meerfraulogo.jpg\" alt=\"Meerfraulogo\" width=\"557\" height=\"202\" srcset=\"https:\/\/ocean-center.com\/wp-content\/uploads\/2013\/12\/Meerfraulogo.jpg 557w, https:\/\/ocean-center.com\/wp-content\/uploads\/2013\/12\/Meerfraulogo-300x108.jpg 300w\" sizes=\"(max-width: 557px) 100vw, 557px\" \/><\/a><br \/>\nmit Anja Becker<\/p>\n<p><span style=\"line-height: 1.5em;\">MeerFit Wochen im Fr\u00fchjahr und Herbst (<strong>als Bildungsurlaub anerkannt!<\/strong>)<\/span><\/p>\n<p><strong>Seminare<\/strong><\/p>\n<ul>\n<li>\n<h3>N\u00e4chste Termine mit freien Pl\u00e4tzen:<\/h3>\n<\/li>\n<li>\n<h3>f\u00fcr 2021\/22 bitte die Website <a href=\"http:\/\/www.meerfrausylt.de\" target=\"_blank\" rel=\"noopener noreferrer\">www.meerfrausylt.de<\/a> besuchen<\/h3>\n<\/li>\n<\/ul>\n<p><strong>MeerFit-Seminare bieten:<\/strong><br \/>\nMehrt\u00e4gige Kurse auf Sylt f\u00fcr Menschen, die Kraft und Lebensfreude sch\u00f6pfen wollen<br \/>\nKleine Gruppen, pers\u00f6nliches Coaching, Gesundheits- und Lebensberatung<br \/>\nBewegung und Baden in grandioser Nordseenatur und heilsamen Seeklima<br \/>\nNordic Walking, Yoga, Meditation, Entspannung, Stressmanagement<br \/>\nMit der Sylter Gesundheitsp\u00e4dagogin Anja Becker (HP-psych).<\/p>\n<p><a href=\"http:\/\/www.meerfrausylt.de\" target=\"_blank\" rel=\"noopener noreferrer\">Mehr Infos<\/a><\/p>\n","protected":false},"excerpt":{"rendered":"<p>MEERFIT- BEWEGENDE SEMINARE AUF SYLT mit Anja Becker MeerFit Wochen im Fr\u00fchjahr und Herbst (als Bildungsurlaub anerkannt!) Seminare N\u00e4chste Termine mit freien Pl\u00e4tzen: f\u00fcr 2021\/22 bitte die Website www.meerfrausylt.de besuchen MeerFit-Seminare bieten: Mehrt\u00e4gige Kurse auf Sylt f\u00fcr Menschen, die Kraft und Lebensfreude sch\u00f6pfen wollen Kleine <span class=\"ellipsis\">&hellip;<\/span> <span class=\"more-link-wrap\"><a href=\"https:\/\/ocean-center.com\/?p=180\" class=\"more-link\"><span>Read More<\/span><\/a><\/span><\/p>\n","protected":false},"author":1,"featured_media":0,"comment_status":"closed","ping_status":"open","sticky":false,"template":"","format":"standard","meta":{"spay_email":"","jetpack_publicize_message":"","jetpack_is_tweetstorm":false},"categories":[5,3,6,19],"tags":[10,12,11,9],"jetpack_featured_media_url":"","jetpack_publicize_connections":[],"jetpack_shortlink":"https:\/\/wp.me\/p39Nno-2U","jetpack_sharing_enabled":true,"_links":{"self":[{"href":"https:\/\/ocean-center.com\/index.php?rest_route=\/wp\/v2\/posts\/180"}],"collection":[{"href":"https:\/\/ocean-center.com\/index.php?rest_route=\/wp\/v2\/posts"}],"about":[{"href":"https:\/\/ocean-center.com\/index.php?rest_route=\/wp\/v2\/types\/post"}],"author":[{"embeddable":true,"href":"https:\/\/ocean-center.com\/index.php?rest_route=\/wp\/v2\/users\/1"}],"replies":[{"embeddable":true,"href":"https:\/\/ocean-center.com\/index.php?rest_route=%2Fwp%2Fv2%2Fcomments&post=180"}],"version-history":[{"count":18,"href":"https:\/\/ocean-center.com\/index.php?rest_route=\/wp\/v2\/posts\/180\/revisions"}],"predecessor-version":[{"id":450,"href":"https:\/\/ocean-center.com\/index.php?rest_route=\/wp\/v2\/posts\/180\/revisions\/450"}],"wp:attachment":[{"href":"https:\/\/ocean-center.com\/index.php?rest_route=%2Fwp%2Fv2%2Fmedia&parent=180"}],"wp:term":[{"taxonomy":"category","embeddable":true,"href":"https:\/\/ocean-center.com\/index.php?rest_route=%2Fwp%2Fv2%2Fcategories&post=180"},{"taxonomy":"post_tag","embeddable":true,"href":"https:\/\/ocean-center.com\/index.php?rest_route=%2Fwp%2Fv2%2Ftags&post=180"}],"curies":[{"name":"wp","href":"https:\/\/api.w.org\/{rel}","templated":true}]}}